{"id":1016,"date":"2025-01-07T13:21:37","date_gmt":"2024-06-27T05:56:59","guid":{"rendered":"https:\/\/schreibenpro.com\/de\/?p=1016"},"modified":"2025-03-06T12:02:16","modified_gmt":"2025-03-06T12:02:16","slug":"reflexion-schreiben-prasentation","status":"publish","type":"post","link":"https:\/\/schreibenpro.com\/de\/reflexion-schreiben-prasentation\/","title":{"rendered":"Reflexion Schreiben Pr\u00e4sentation"},"content":{"rendered":"<div class=\"su-note\"  style=\"border-color:#e4e4e5;border-radius:7px;-moz-border-radius:7px;-webkit-border-radius:7px;\"><div class=\"su-note-inner su-u-clearfix su-u-trim\" style=\"background-color:#fefeff;border-color:#ffffff;color:#333333;border-radius:7px;-moz-border-radius:7px;-webkit-border-radius:7px;\">\r\n\r\n<div class=\"wp-block-columns is-layout-flex wp-container-core-columns-is-layout-9d6595d7 wp-block-columns-is-layout-flex\">\r\n<div class=\"wp-block-column\">\r\n<h2 class=\"wp-block-heading has-text-align-center is-layout-flow wp-block-column-is-layout-flow\">Muster<\/h2>\r\n<p> <div class=\"su-button-center\"><a href=\"https:\/\/schreibenpro.com\/de\/reflexion-schreiben-prasentation-offnen\/\" class=\"su-button su-button-style-flat\" style=\"color:#FFFFFF;background-color:#1548bb;border-color:#113a96;border-radius:5px\" target=\"_self\"><span style=\"color:#FFFFFF;padding:0px 22px;font-size:17px;line-height:34px;border-color:#5c7fd0;border-radius:5px;text-shadow:none\"> Muster<\/span><\/a><\/div> <\/p>\n<\/div>\r\n\r\n\r\n\r\n<div class=\"wp-block-column\">\r\n<h2 class=\"wp-block-heading has-text-align-center is-layout-flow wp-block-column-is-layout-flow\">Vorlage<\/h2>\r\n<p> <div class=\"su-button-center\"><a href=\"https:\/\/schreibenpro.com\/de\/reflexion-schreiben-prasentation-offnen\/\" class=\"su-button su-button-style-flat\" style=\"color:#FFFFFF;background-color:#1548bb;border-color:#113a96;border-radius:5px\" target=\"_self\"><span style=\"color:#FFFFFF;padding:0px 22px;font-size:17px;line-height:34px;border-color:#5c7fd0;border-radius:5px;text-shadow:none\"> Vorlage<\/span><\/a><\/div> <\/p>\n<\/div>\r\n<\/div>\r\n\r\n<\/div><\/div>\r\n<hr class=\"wp-block-separator has-alpha-channel-opacity\" \/>\r\n<div class=\"su-note\"  style=\"border-color:#e4e4e5;border-radius:7px;-moz-border-radius:7px;-webkit-border-radius:7px;\"><div class=\"su-note-inner su-u-clearfix su-u-trim\" style=\"background-color:#fefeff;border-color:#ffffff;color:#333333;border-radius:7px;-moz-border-radius:7px;-webkit-border-radius:7px;\">\r\n\r\n<div class=\"wp-block-columns is-layout-flex wp-container-core-columns-is-layout-9d6595d7 wp-block-columns-is-layout-flex\">\r\n<div class=\"wp-block-column is-layout-flow wp-block-column-is-layout-flow\"><div class=\"wp-block-image\">\r\n<figure class=\"aligncenter size-large is-resized\"><img loading=\"lazy\" decoding=\"async\" class=\"wp-image-224\" src=\"https:\/\/schreibenpro.com\/de\/wp-content\/uploads\/reflexion-schreiben-prasentation-muster-vorlage.jpg\" alt=\"\" width=\"188\" height=\"300\" \/><\/figure>\r\n<\/div><\/div>\r\n\r\n\r\n\r\n<div class=\"wp-block-column is-layout-flow wp-block-column-is-layout-flow\"> <div class=\"su-table su-table-alternate\">\r\n<table>\r\n<tbody>\r\n<tr>\r\n<td class=\"has-text-align-center\" data-align=\"center\">Reflexion Schreiben Pr\u00e4sentation<\/td>\r\n<\/tr>\r\n<tr>\r\n<td class=\"has-text-align-center\" data-align=\"center\">WORD  PDF-Datei<\/td>\r\n<\/tr>\r\n<tr>\r\n<td class=\"has-text-align-center\" data-align=\"center\">5123: \u2b50\u2b50\u2b50\u2b50\u2b50 4.0<\/td>\r\n<\/tr>\r\n<tr>\r\n<td class=\"has-text-align-center\" data-align=\"center\"><a href=\"https:\/\/schreibenpro.com\/de\/reflexion-schreiben-prasentation-offnen\/\">\u00d6FFNEN <\/a><\/td>\r\n<\/tr>\r\n<\/tbody>\r\n<\/table>\r\n<\/div><\/div>\r\n<\/div>\r\n\r\n<\/div><\/div>\r\n<hr class=\"wp-block-separator has-alpha-channel-opacity\" \/>\r\n\r\n\r\n<div class=\"wp-block-columns is-layout-flex wp-container-core-columns-is-layout-9d6595d7 wp-block-columns-is-layout-flex\">\r\n<div class=\"wp-block-column\">\r\n<h3 class=\"wp-block-heading has-text-align-center is-layout-flow wp-block-column-is-layout-flow\">WORD<\/h3>\r\n<div class=\"su-button-center\"><a href=\"https:\/\/schreibenpro.com\/de\/reflexion-schreiben-prasentation-offnen\/\" class=\"su-button su-button-style-flat\" style=\"color:#FFFFFF;background-color:#1548bb;border-color:#113a96;border-radius:5px\" target=\"_self\"><span style=\"color:#FFFFFF;padding:0px 22px;font-size:17px;line-height:34px;border-color:#5c7fd0;border-radius:5px;text-shadow:none\"> \u00d6ffnen | WORD<\/span><\/a><\/div>\n<\/div>\r\n\r\n\r\n\r\n<div class=\"wp-block-column\">\r\n<h3 class=\"wp-block-heading has-text-align-center is-layout-flow wp-block-column-is-layout-flow\">PDF<\/h3>\r\n<div class=\"su-button-center\"><a href=\"https:\/\/schreibenpro.com\/de\/reflexion-schreiben-prasentation-offnen\/\" class=\"su-button su-button-style-flat\" style=\"color:#FFFFFF;background-color:#9d1818;border-color:#7e1414;border-radius:5px\" target=\"_self\"><span style=\"color:#FFFFFF;padding:0px 22px;font-size:17px;line-height:34px;border-color:#bb5e5e;border-radius:5px;text-shadow:none\"> \u00d6ffnen | PDF<\/span><\/a><\/div>\n<\/div>\r\n<\/div>\r\n\r\n\r\n<hr class=\"wp-block-separator has-alpha-channel-opacity\" \/>\r\n<section id=\"specialParagraph\">\r\n<h3 class=\"wp-block-heading has-text-align-center\">Beispiel<\/h3>\r\n<div class=\"su-note\"  style=\"border-color:#e4e4e5;border-radius:7px;-moz-border-radius:7px;-webkit-border-radius:7px;\"><div class=\"su-note-inner su-u-clearfix su-u-trim\" style=\"background-color:#fefeff;border-color:#ffffff;color:#333333;border-radius:7px;-moz-border-radius:7px;-webkit-border-radius:7px;\">\r\n<p><p>Einleitung:<\/p> <p>Sehr geehrte Damen und Herren,<\/p> <p>ich m\u00f6chte heute meine Erfahrungen und Erkenntnisse bez\u00fcglich meines Projekts &#8220;XYZ&#8221; reflektieren und mit Ihnen teilen.<\/p> <p>Hauptteil:<\/p> <p><strong>1. Projektbeschreibung:<\/strong><\/p> <p>Zu Beginn m\u00f6chte ich kurz auf das Projekt eingehen, um den Kontext meiner Reflexion klar darzustellen. Das Projekt &#8220;XYZ&#8221; war ein interdisziplin\u00e4res Teamprojekt, bei dem wir eine neue App zur Verbesserung des Kundenservice entwickeln sollten. Unsere Aufgabe bestand darin, die App zu konzipieren, zu programmieren und zu testen.<\/p> <p><strong>2. Herausforderungen:<\/strong><\/p> <p>W\u00e4hrend des Projekts mussten wir verschiedene Herausforderungen bew\u00e4ltigen. Hierbei m\u00f6chte ich insbesondere auf die knapp bemessene Zeit, die Kommunikationsschwierigkeiten im Team und die technischen Probleme eingehen, die sich w\u00e4hrend der Programmierphase ergaben. Diese Schwierigkeiten stellten uns vor gro\u00dfe Herausforderungen und forderten uns dazu auf, zusammenzuarbeiten und kreative L\u00f6sungen zu finden.<\/p> <p><strong>3. Erkenntnisse:<\/strong><\/p> <p>Der gr\u00f6\u00dfte Gewinn aus diesem Projekt war f\u00fcr mich die Erfahrung des interdisziplin\u00e4ren Arbeitens. Ich habe gelernt, wie wichtig es ist, die Perspektiven und F\u00e4higkeiten der Teammitglieder zu nutzen, um erfolgreich zu sein. Durch den Austausch von Wissen konnten wir innovative L\u00f6sungen entwickeln, die wir als Einzelpersonen nicht erreicht h\u00e4tten. Dar\u00fcber hinaus hat das Projekt meine F\u00e4higkeiten im Zeitmanagement und in der Teamkommunikation verbessert.<\/p> <p><strong>4. Lernerfahrungen:<\/strong><\/p> <p>Neben den fachlichen F\u00e4higkeiten habe ich auch pers\u00f6nliche F\u00e4higkeiten und Eigenschaften weiterentwickelt. W\u00e4hrend des Projekts musste ich lernen, Verantwortung zu \u00fcbernehmen und Entscheidungen zu treffen. Ich konnte meine F\u00e4higkeit zur Probleml\u00f6sung verbessern und habe gelernt, wie wichtig es ist, flexibel und anpassungsf\u00e4hig zu sein. Diese Lernerfahrungen haben meine Pers\u00f6nlichkeit positiv beeinflusst und werden mir auch zuk\u00fcnftig von Nutzen sein.<\/p> <p><strong>5. Schlussfolgerung:<\/strong><\/p> <p>Insgesamt war das Projekt &#8220;XYZ&#8221; eine wertvolle Erfahrung f\u00fcr mich. Ich habe nicht nur meine fachlichen F\u00e4higkeiten verbessert, sondern auch viele wichtige Lektionen \u00fcber Teamarbeit und pers\u00f6nliche Entwicklung gelernt. Diese Erfahrungen werden mir in meiner zuk\u00fcnftigen Karriere von unsch\u00e4tzbarem Wert sein. Ich m\u00f6chte mich bei allen Teammitgliedern bedanken, die zu diesem erfolgreichen Projekt beigetragen haben.<\/p> <p><strong>Zusammenfassung und Ausblick:<\/strong><\/p> <p>In meiner Reflexion habe ich die Herausforderungen, Erkenntnisse und Lernerfahrungen meines Projekts &#8220;XYZ&#8221; zusammengefasst. Diese Erfahrungen haben mich sowohl fachlich als auch pers\u00f6nlich weiterentwickelt. Ich bin dankbar f\u00fcr diese wertvollen Erfahrungen und freue mich darauf, sie in meiner zuk\u00fcnftigen Karriere anzuwenden.<\/p> <p><strong>Abschlie\u00dfende Bemerkungen:<\/strong><\/p> <p>Vielen Dank f\u00fcr Ihre Aufmerksamkeit. Ich hoffe, dass meine Reflexion Ihnen Einblick in meine Erfahrungen und Erkenntnisse gegeben hat. Wenn Sie Fragen haben oder weitere Informationen ben\u00f6tigen, stehe ich Ihnen gerne zur Verf\u00fcgung.<\/p> <p>Mit freundlichen Gr\u00fc\u00dfen,<\/p> <p>Ihr Name<\/p><\/p>\r\n<\/section>\r\n<\/div><\/div>\r\n<div class=\"su-note\"  style=\"border-color:#e4e4e5;border-radius:7px;-moz-border-radius:7px;-webkit-border-radius:7px;\"><div class=\"su-note-inner su-u-clearfix su-u-trim\" style=\"background-color:#fefeff;border-color:#ffffff;color:#333333;border-radius:7px;-moz-border-radius:7px;-webkit-border-radius:7px;\">\r\n<p><p><strong>Einleitung:<\/strong><\/p> <p>Sehr geehrte Damen und Herren,<\/p> <p>ich freue mich, Ihnen heute meine Reflexion Schreiben Pr\u00e4sentation vorstellen zu d\u00fcrfen. In meinem Vortrag werde ich Ihnen Tipps und Anleitungen geben, wie Sie ein solches Schreiben verfassen k\u00f6nnen und dabei die typische Struktur und den Inhalt beachten.<\/p> <p><strong>Hauptteil:<\/strong><\/p> <p><strong>1. Struktur des Reflexion Schreiben:<\/strong><\/p> <p>Ein Reflexion Schreiben besteht in der Regel aus drei Hauptteilen: Einleitung, Hauptteil und Schluss. Diese Struktur hilft, dem Leser einen klaren \u00dcberblick \u00fcber das Schreiben zu geben und den Inhalt gut zu strukturieren.<\/p> <p><strong>2. Einleitung:<\/strong><\/p> <p>Die Einleitung des Reflexion Schreiben sollte den Zweck und den Kontext des Schreibens erkl\u00e4ren. Hier k\u00f6nnen Sie den Leser dar\u00fcber informieren, warum Sie diese Reflexion erstellen, was Sie dabei gelernt haben und welche Themen Sie ansprechen m\u00f6chten.<\/p> <p><strong>3. Hauptteil:<\/strong><\/p> <p>Im Hauptteil des Schreibens k\u00f6nnen Sie detailliert auf die verschiedenen Aspekte Ihrer Erfahrungen oder Ihres Lernprozesses eingehen. Hier k\u00f6nnen Sie beispielsweise auf bestimmte Projekte oder Aufgaben eingehen, die Sie durchgef\u00fchrt haben, und Ihre Erfolge, Herausforderungen und Lernziele reflektieren.<\/p> <p>Es ist wichtig, Ihre Gedanken und Gef\u00fchle in Bezug auf Ihre Erfahrungen auszudr\u00fccken und zu erkl\u00e4ren, wie diese Erfahrungen zu Ihrer pers\u00f6nlichen und beruflichen Entwicklung beigetragen haben. Verwenden Sie Beispiele, um Ihre Punkte zu veranschaulichen und Ihre Argumentation zu st\u00e4rken.<\/p> <p><strong>4. Schluss:<\/strong><\/p> <p>Im Schlussteil des Schreibens sollten Sie Ihre Reflexion zusammenfassen und einen Ausblick auf Ihre zuk\u00fcnftigen Lern- oder Entwicklungsziele geben. Sie k\u00f6nnen auch darauf eingehen, welche Lehren Sie aus Ihren Erfahrungen gezogen haben und wie Sie diese zuk\u00fcnftig anwenden m\u00f6chten.<\/p> <p><strong>Formale Gestaltungselemente:<\/strong><\/p> <p>Bei der formalen Gestaltung des Reflexion Schreiben sollten Sie auf folgende Punkte achten:<\/p> <dt>&#8211; Verwenden Sie eine passende Schriftart und Schriftgr\u00f6\u00dfe, um die Lesbarkeit zu gew\u00e4hrleisten.<\/dt> <dt>&#8211; Setzen Sie \u00dcberschriften und Abs\u00e4tze ein, um den Text \u00fcbersichtlich zu strukturieren.<\/dt> <dt>&#8211; Verwenden Sie eine angemessene Sprache und Ausdrucksweise.<\/dt> <dt>&#8211; \u00dcberpr\u00fcfen Sie Grammatik und Rechtschreibung, um einen professionellen Eindruck zu hinterlassen.<\/dt> <p><strong>Effektiver Aufbau:<\/strong><\/p> <p>Um eine effektive Reflexion Schreiben Pr\u00e4sentation zu erstellen, sollten Sie folgende Punkte beachten:<\/p> <dt>&#8211; Planen Sie im Voraus, welche Themen Sie ansprechen m\u00f6chten und wie Sie diese strukturieren.<\/dt> <dt>&#8211; Nutzen Sie Beispiele, um Ihre Gedanken und Argumente zu veranschaulichen.<\/dt> <dt>&#8211; Halten Sie sich an die vorgegebene Wortanzahl und achten Sie darauf, den Text nicht unn\u00f6tig zu verl\u00e4ngern oder zu wiederholen.<\/dt> <p><strong>Schluss:<\/strong><\/p> <p>In meiner Reflexion Schreiben Pr\u00e4sentation habe ich Ihnen die typische Struktur und den Inhalt eines solchen Schreibens vorgestellt. Ich hoffe, dass Ihnen meine Tipps und Anleitungen dabei helfen, effektive Reflexion Schreiben zu verfassen. Bei weiteren Fragen stehe ich Ihnen gerne zur Verf\u00fcgung.<\/p> <p>Vielen Dank f\u00fcr Ihre Aufmerksamkeit.<\/p><\/p>\r\n<\/section>\r\n<\/div><\/div>\r\n<hr class=\"wp-block-separator has-alpha-channel-opacity\" \/>\r\n\r\n<div class=\"su-button-center\"><a href=\"https:\/\/schreibenpro.com\/de\/reflexion-schreiben-prasentation-offnen\/\" class=\"su-button su-button-style-flat\" style=\"color:#FFFFFF;background-color:#1548bb;border-color:#113a96;border-radius:5px\" target=\"_self\"><span style=\"color:#FFFFFF;padding:0px 22px;font-size:17px;line-height:34px;border-color:#5c7fd0;border-radius:5px;text-shadow:none\">  \u00d6ffnen &#8211; Reflexion Schreiben Pr\u00e4sentation <\/span><\/a><\/div>\n\r\n\r\n<hr class=\"wp-block-separator has-alpha-channel-opacity\" \/>\r\n<section id=\"specialParagraph\">\r\n<div class=\"su-note\"  style=\"border-color:#e4e4e5;border-radius:7px;-moz-border-radius:7px;-webkit-border-radius:7px;\"><div class=\"su-note-inner su-u-clearfix su-u-trim\" style=\"background-color:#fefeff;border-color:#ffffff;color:#333333;border-radius:7px;-moz-border-radius:7px;-webkit-border-radius:7px;\">\r\n<h3 class=\"wp-block-heading has-text-align-center\">Wie schreibt man ein Reflexion Schreiben Pr\u00e4sentation<\/h3>\r\n<p><p>Das Schreiben einer Reflexion Schreiben Pr\u00e4sentation erfordert einige grundlegende Schritte und \u00dcberlegungen, um einen effektiven und gut strukturierten Brief zu verfassen. In dieser Anleitung werden wir Ihnen zeigen, wie Sie einen Reflexionsbrief Schritt f\u00fcr Schritt schreiben k\u00f6nnen, sowie wichtige Aspekte der formalen Gestaltung und des Aufbaus eines solchen Briefes ber\u00fccksichtigen. <\/p> <h3>1. Einleitung<\/h3> <p>Die Einleitung Ihres Reflexionsbriefes sollte den Zweck und den Kontext der Pr\u00e4sentation einf\u00fchren. Sie k\u00f6nnen Ihren Namen, Ihren Kurs und den Namen des Dozenten nennen. Geben Sie au\u00dferdem an, wann und wo die Pr\u00e4sentation stattgefunden hat. Hier ein Beispiel f\u00fcr die Einleitung: <\/p> <blockquote> Sehr geehrter Herr \/ Frau [Name des Dozenten], Ich schreibe Ihnen bez\u00fcglich meiner Pr\u00e4sentation zum Thema [Thema] am [Datum] in Ihrem Kurs [Kursname]. Ich m\u00f6chte meine Reflexionen und Eindr\u00fccke von dieser Pr\u00e4sentation mit Ihnen teilen. <\/blockquote> <h3>2. Hauptteil<\/h3> <p>Der Hauptteil Ihres Reflexionsbriefes sollte Ihre Gedanken, Meinungen und Erkenntnisse aus der Pr\u00e4sentation beinhalten. Gehen Sie auf die wichtigsten Aspekte der Pr\u00e4sentation ein und erl\u00e4utern Sie, was Sie gelernt haben, welche Fragen aufgekommen sind und welche neuen Einsichten Sie gewonnen haben. Verwenden Sie Beispiele und konkrete Situationen, um Ihre Reflexionen zu veranschaulichen. Hier sind einige Punkte, die Sie im Hauptteil ansprechen k\u00f6nnen: <\/p> <ol> <li>Was hat mir an der Pr\u00e4sentation am besten gefallen?<\/li> <li>Welche neuen Informationen oder Konzepte habe ich gelernt?<\/li> <li>Welche Fragen sind in meinem Kopf aufgetaucht?<\/li> <li>Wie hat die Pr\u00e4sentation meine bisherigen Kenntnisse und Meinungen zu dem Thema ver\u00e4ndert?<\/li> <li>Welche Aspekte der Pr\u00e4sentation h\u00e4tten besser sein k\u00f6nnen?<\/li> <li>Haben sich durch die Pr\u00e4sentation neue Perspektiven oder Ideen er\u00f6ffnet?<\/li> <\/ol> <h3>3. Schluss<\/h3> <p>Der Schluss Ihres Reflexionsbriefes sollte Ihre abschlie\u00dfenden Gedanken und Schlussfolgerungen zusammenfassen. Fassen Sie noch einmal die wichtigsten Punkte zusammen und geben Sie an, wie die Pr\u00e4sentation Ihre Sichtweise oder Ihr Verst\u00e4ndnis des Themas ver\u00e4ndert hat. Hier ein Beispiel f\u00fcr den Schluss: <\/p> <blockquote> Zusammenfassend hat mir die Pr\u00e4sentation zum Thema [Thema] neue Einblicke und Erkenntnisse gebracht. Die Pr\u00e4sentation hat meine Meinung zu [spezifischem Aspekt] ver\u00e4ndert und ich bin nun motiviert, mich weiter mit diesem Thema auseinanderzusetzen. Ich bedanke mich f\u00fcr diese wertvolle Lernerfahrung. Mit freundlichen Gr\u00fc\u00dfen, [Ihr Name] <\/blockquote> <h3>4. Formale Gestaltung<\/h3> <p>Ein Reflexionsbrief sollte bestimmte formale Gestaltungsregeln befolgen, um einen professionellen Eindruck zu hinterlassen. Hier sind einige wichtige Punkte zur formalen Gestaltung: <\/p> <dl> <dt>Datum:<\/dt> <dd>Platzieren Sie das Datum oben rechts oder links in Ihrem Brief.<\/dd> <dt>Anrede:<\/dt> <dd>Verwenden Sie eine formale Anrede wie &#8220;Sehr geehrter Herr&#8221; oder &#8220;Sehr geehrte Frau&#8221;.<\/dd> <dt>Gru\u00dfformel:<\/dt> <dd>Verwenden Sie eine passende Gru\u00dfformel wie &#8220;Mit freundlichen Gr\u00fc\u00dfen&#8221; oder &#8220;Hochachtungsvoll&#8221;.<\/dd> <dt>Unterschrift:<\/dt> <dd>Unterschreiben Sie den Brief am Ende.<\/dd> <\/dl> <h3>5. Aufbau eines effektiven Briefes<\/h3> <p>Ein effektiver Reflexionsbrief sollte gut strukturiert sein und einen klaren Aufbau haben. Hier ist ein m\u00f6glicher Aufbau f\u00fcr einen Reflexionsbrief: <\/p> <ol> <li>Einleitung<\/li> <li>Hauptteil<\/li> <li>Schluss<\/li> <\/ol> <p>Durch einen klaren Aufbau wird Ihr Brief leichter zu lesen und zu verstehen sein. <h3>6. Beispiel Reflexionsbrief<\/h3> <p>Hier ist ein Beispiel f\u00fcr einen Reflexionsbrief, der die oben genannten Punkte ber\u00fccksichtigt: <\/p> <blockquote> Sehr geehrte Frau [Name des Dozenten], Ich schreibe Ihnen bez\u00fcglich meiner Pr\u00e4sentation zum Thema [Thema] am [Datum] in Ihrem Kurs [Kursname]. Ich m\u00f6chte meine Reflexionen und Eindr\u00fccke von dieser Pr\u00e4sentation mit Ihnen teilen. Die Pr\u00e4sentation hat mir gro\u00dfes Interesse an [Thema] geweckt. Besonders beeindruckt hat mich die Art und Weise, wie [Ein bestimmter Aspekt] erkl\u00e4rt und veranschaulicht wurde. Ich habe viel \u00fcber [spezifischer Aspekt] gelernt, insbesondere \u00fcber [weitere Details]. Diese neuen Informationen haben mein Verst\u00e4ndnis erweitert und meine Sichtweise auf [spezifischer Aspekt] ver\u00e4ndert. Allerdings sind w\u00e4hrend der Pr\u00e4sentation auch einige Fragen in meinem Kopf aufgetaucht. Zum Beispiel habe ich mich gefragt, wie [Frage 1] und [Frage 2] zusammenh\u00e4ngen und ob es weitere Faktoren gibt, die zu ber\u00fccksichtigen sind. Ich habe vor, meine Recherche fortzusetzen, um diese Fragen zu beantworten und mein Wissen auf diesem Gebiet zu vertiefen. Die Pr\u00e4sentation hat mich dazu angeregt, \u00fcber [Thema] nachzudenken und neue Perspektiven zu entdecken. Insbesondere [spezifischer Aspekt] hat mich zum Nachdenken gebracht und mich dazu ermutigt, meine eigenen Meinungen und \u00dcberzeugungen zu \u00fcberdenken. Ich bin gespannt auf weitere Diskussionen zu diesem Thema. Zusammenfassend hat mir die Pr\u00e4sentation zum Thema [Thema] neue Einblicke und Erkenntnisse gebracht. Die Pr\u00e4sentation hat meine Meinung zu [spezifischem Aspekt] ver\u00e4ndert und ich bin nun motiviert, mich weiter mit diesem Thema auseinanderzusetzen. Ich bedanke mich f\u00fcr diese wertvolle Lernerfahrung. Mit freundlichen Gr\u00fc\u00dfen, [Ihr Name] <\/blockquote> <p>Mit diesen Tipps und Beispielen sollten Sie in der Lage sein, einen aussagekr\u00e4ftigen und gut strukturierten Reflexionsbrief f\u00fcr Ihre Pr\u00e4sentation zu schreiben. Achten Sie darauf, Ihre Gedanken und Erkenntnisse klar und pr\u00e4zise zu formulieren und die formale Gestaltung des Briefes zu beachten. Viel Erfolg! <\/p><\/p>\r\n<\/section>\r\n<\/div><\/div>\r\n<hr class=\"wp-block-separator has-alpha-channel-opacity\" \/>\r\n\r\n<div class=\"su-button-center\"><a href=\"https:\/\/schreibenpro.com\/de\/reflexion-schreiben-prasentation-offnen\/\" class=\"su-button su-button-style-flat\" style=\"color:#FFFFFF;background-color:#1548bb;border-color:#113a96;border-radius:5px\" target=\"_self\"><span style=\"color:#FFFFFF;padding:0px 22px;font-size:17px;line-height:34px;border-color:#5c7fd0;border-radius:5px;text-shadow:none\">  \u00d6FFNEN &#8211; Reflexion Schreiben Pr\u00e4sentation<\/span><\/a><\/div>\n\r\n\r\n","protected":false},"excerpt":{"rendered":"<p>Beispiel<\/p>\n","protected":false},"author":1,"featured_media":0,"comment_status":"open","ping_status":"closed","sticky":false,"template":"","format":"standard","meta":{"footnotes":""},"categories":[19],"tags":[],"class_list":["post-1016","post","type-post","status-publish","format-standard","hentry","category-bildung-und-akademisches","infinite-scroll-item"],"yoast_head":"<!-- This site is optimized with the Yoast SEO plugin v24.6 - https:\/\/yoast.com\/wordpress\/plugins\/seo\/ -->\n<title>Reflexion Schreiben Muster Pr\u00e4sentation<\/title>\n<meta name=\"description\" content=\"Vorlage Muster Reflexion Schreiben Pr\u00e4sentation - \u2b50\u2b50\u2b50\u2b50\u2b50 4,0 - PDF und WORD - Bildung und Akademisches\" \/>\n<meta name=\"robots\" content=\"index, follow, max-snippet:-1, max-image-preview:large, max-video-preview:-1\" \/>\n<link rel=\"canonical\" href=\"https:\/\/schreibenpro.com\/de\/reflexion-schreiben-prasentation\/\" \/>\n<meta property=\"og:locale\" content=\"de_DE\" \/>\n<meta property=\"og:type\" content=\"article\" \/>\n<meta property=\"og:title\" content=\"Reflexion Schreiben Muster Pr\u00e4sentation\" \/>\n<meta property=\"og:description\" content=\"Vorlage Muster Reflexion Schreiben Pr\u00e4sentation - \u2b50\u2b50\u2b50\u2b50\u2b50 4,0 - PDF und WORD - Bildung und Akademisches\" \/>\n<meta property=\"og:url\" content=\"https:\/\/schreibenpro.com\/de\/reflexion-schreiben-prasentation\/\" \/>\n<meta property=\"og:site_name\" content=\"Schreiben PRO\" \/>\n<meta property=\"article:published_time\" content=\"2024-06-27T05:56:59+00:00\" \/>\n<meta property=\"article:modified_time\" content=\"2025-03-06T12:02:16+00:00\" \/>\n<meta property=\"og:image\" content=\"https:\/\/schreibenpro.com\/de\/wp-content\/uploads\/anschreiben-bewerbung-ausbildung-muster-vorlage.jpg\" \/>\n\t<meta property=\"og:image:width\" content=\"1410\" \/>\n\t<meta property=\"og:image:height\" content=\"2250\" \/>\n\t<meta property=\"og:image:type\" content=\"image\/jpeg\" \/>\n<meta name=\"author\" content=\"Julian Becker\" \/>\n<meta name=\"twitter:card\" content=\"summary_large_image\" \/>\n<meta name=\"twitter:label1\" content=\"Verfasst von\" \/>\n\t<meta name=\"twitter:data1\" content=\"Julian Becker\" \/>\n\t<meta name=\"twitter:label2\" content=\"Gesch\u00e4tzte Lesezeit\" \/>\n\t<meta name=\"twitter:data2\" content=\"1\u00a0Minute\" \/>\n<!-- \/ Yoast SEO plugin. -->","yoast_head_json":{"title":"Reflexion Schreiben Muster Pr\u00e4sentation","description":"Vorlage Muster Reflexion Schreiben Pr\u00e4sentation - \u2b50\u2b50\u2b50\u2b50\u2b50 4,0 - PDF und WORD - Bildung und Akademisches","robots":{"index":"index","follow":"follow","max-snippet":"max-snippet:-1","max-image-preview":"max-image-preview:large","max-video-preview":"max-video-preview:-1"},"canonical":"https:\/\/schreibenpro.com\/de\/reflexion-schreiben-prasentation\/","og_locale":"de_DE","og_type":"article","og_title":"Reflexion Schreiben Muster Pr\u00e4sentation","og_description":"Vorlage Muster Reflexion Schreiben Pr\u00e4sentation - \u2b50\u2b50\u2b50\u2b50\u2b50 4,0 - PDF und WORD - Bildung und Akademisches","og_url":"https:\/\/schreibenpro.com\/de\/reflexion-schreiben-prasentation\/","og_site_name":"Schreiben PRO","article_published_time":"2024-06-27T05:56:59+00:00","article_modified_time":"2025-03-06T12:02:16+00:00","og_image":[{"width":1410,"height":2250,"url":"https:\/\/schreibenpro.com\/de\/wp-content\/uploads\/anschreiben-bewerbung-ausbildung-muster-vorlage.jpg","type":"image\/jpeg"}],"author":"Julian Becker","twitter_card":"summary_large_image","twitter_misc":{"Verfasst von":"Julian Becker","Gesch\u00e4tzte Lesezeit":"1\u00a0Minute"},"schema":{"@context":"https:\/\/schema.org","@graph":[{"@type":"Article","@id":"https:\/\/schreibenpro.com\/de\/reflexion-schreiben-prasentation\/#article","isPartOf":{"@id":"https:\/\/schreibenpro.com\/de\/reflexion-schreiben-prasentation\/"},"author":{"name":"Julian Becker","@id":"https:\/\/schreibenpro.com\/de\/#\/schema\/person\/1bfe5ae5aa8223e834e9730287883c42"},"headline":"Reflexion Schreiben Pr\u00e4sentation","datePublished":"2024-06-27T05:56:59+00:00","dateModified":"2025-03-06T12:02:16+00:00","mainEntityOfPage":{"@id":"https:\/\/schreibenpro.com\/de\/reflexion-schreiben-prasentation\/"},"wordCount":1863,"commentCount":0,"publisher":{"@id":"https:\/\/schreibenpro.com\/de\/#organization"},"image":{"@id":"https:\/\/schreibenpro.com\/de\/reflexion-schreiben-prasentation\/#primaryimage"},"thumbnailUrl":"https:\/\/schreibenpro.com\/de\/wp-content\/uploads\/reflexion-schreiben-prasentation-muster-vorlage.jpg","articleSection":["Bildung und Akademisches"],"inLanguage":"de","potentialAction":[{"@type":"CommentAction","name":"Comment","target":["https:\/\/schreibenpro.com\/de\/reflexion-schreiben-prasentation\/#respond"]}]},{"@type":"WebPage","@id":"https:\/\/schreibenpro.com\/de\/reflexion-schreiben-prasentation\/","url":"https:\/\/schreibenpro.com\/de\/reflexion-schreiben-prasentation\/","name":"Reflexion Schreiben Muster Pr\u00e4sentation","isPartOf":{"@id":"https:\/\/schreibenpro.com\/de\/#website"},"primaryImageOfPage":{"@id":"https:\/\/schreibenpro.com\/de\/reflexion-schreiben-prasentation\/#primaryimage"},"image":{"@id":"https:\/\/schreibenpro.com\/de\/reflexion-schreiben-prasentation\/#primaryimage"},"thumbnailUrl":"https:\/\/schreibenpro.com\/de\/wp-content\/uploads\/reflexion-schreiben-prasentation-muster-vorlage.jpg","datePublished":"2024-06-27T05:56:59+00:00","dateModified":"2025-03-06T12:02:16+00:00","description":"Vorlage Muster Reflexion Schreiben Pr\u00e4sentation - \u2b50\u2b50\u2b50\u2b50\u2b50 4,0 - PDF und WORD - Bildung und Akademisches","breadcrumb":{"@id":"https:\/\/schreibenpro.com\/de\/reflexion-schreiben-prasentation\/#breadcrumb"},"inLanguage":"de","potentialAction":[{"@type":"ReadAction","target":["https:\/\/schreibenpro.com\/de\/reflexion-schreiben-prasentation\/"]}]},{"@type":"ImageObject","inLanguage":"de","@id":"https:\/\/schreibenpro.com\/de\/reflexion-schreiben-prasentation\/#primaryimage","url":"https:\/\/schreibenpro.com\/de\/wp-content\/uploads\/anschreiben-zum-angebot-muster-vorlage.jpg","contentUrl":"https:\/\/schreibenpro.com\/de\/wp-content\/uploads\/anschreiben-zum-angebot-muster-vorlage.jpg","width":1410,"height":2250},{"@type":"BreadcrumbList","@id":"https:\/\/schreibenpro.com\/de\/reflexion-schreiben-prasentation\/#breadcrumb","itemListElement":[{"@type":"ListItem","position":1,"name":"Portada","item":"https:\/\/schreibenpro.com\/de\/"},{"@type":"ListItem","position":2,"name":"Reflexion Schreiben Pr\u00e4sentation"}]},{"@type":"WebSite","@id":"https:\/\/schreibenpro.com\/de\/#website","url":"https:\/\/schreibenpro.com\/de\/","name":"Schreiben PRO","description":"Muster und Vorlage","publisher":{"@id":"https:\/\/schreibenpro.com\/de\/#organization"},"potentialAction":[{"@type":"SearchAction","target":{"@type":"EntryPoint","urlTemplate":"https:\/\/schreibenpro.com\/de\/?s={search_term_string}"},"query-input":{"@type":"PropertyValueSpecification","valueRequired":true,"valueName":"search_term_string"}}],"inLanguage":"de"},{"@type":"Organization","@id":"https:\/\/schreibenpro.com\/de\/#organization","name":"Schreiben PRO","url":"https:\/\/schreibenpro.com\/de\/","logo":{"@type":"ImageObject","inLanguage":"de","@id":"https:\/\/schreibenpro.com\/de\/#\/schema\/logo\/image\/","url":"https:\/\/schreibenpro.com\/de\/wp-content\/uploads\/cropped-fav.png","contentUrl":"https:\/\/schreibenpro.com\/de\/wp-content\/uploads\/cropped-fav.png","width":512,"height":512,"caption":"Schreiben PRO"},"image":{"@id":"https:\/\/schreibenpro.com\/de\/#\/schema\/logo\/image\/"}},{"@type":"Person","@id":"https:\/\/schreibenpro.com\/de\/#\/schema\/person\/1bfe5ae5aa8223e834e9730287883c42","name":"Julian Becker","image":{"@type":"ImageObject","inLanguage":"de","@id":"https:\/\/schreibenpro.com\/de\/#\/schema\/person\/image\/","url":"https:\/\/secure.gravatar.com\/avatar\/9a9dd135c14e6a7069a7c2fb3d9dbddc9dd06c2db972324f40461697a532c2f1?s=96&d=mm&r=g","contentUrl":"https:\/\/secure.gravatar.com\/avatar\/9a9dd135c14e6a7069a7c2fb3d9dbddc9dd06c2db972324f40461697a532c2f1?s=96&d=mm&r=g","caption":"Julian Becker"},"description":"Julian Becker, Gr\u00fcnder &amp; Leitender Redakteur -\u00a0 Als kreativer Kopf hinter den ma\u00dfgeschneiderten Vorlagen und Mustern bei Schreiben PRO sorgt Julian daf\u00fcr, dass unsere Nutzer stets die besten Werkzeuge f\u00fcr ihre\u00a0 Dokumente zur Verf\u00fcgung haben","sameAs":["https:\/\/schreibenpro.com\/de"]}]}},"_links":{"self":[{"href":"https:\/\/schreibenpro.com\/de\/wp-json\/wp\/v2\/posts\/1016","targetHints":{"allow":["GET"]}}],"collection":[{"href":"https:\/\/schreibenpro.com\/de\/wp-json\/wp\/v2\/posts"}],"about":[{"href":"https:\/\/schreibenpro.com\/de\/wp-json\/wp\/v2\/types\/post"}],"author":[{"embeddable":true,"href":"https:\/\/schreibenpro.com\/de\/wp-json\/wp\/v2\/users\/1"}],"replies":[{"embeddable":true,"href":"https:\/\/schreibenpro.com\/de\/wp-json\/wp\/v2\/comments?post=1016"}],"version-history":[{"count":2,"href":"https:\/\/schreibenpro.com\/de\/wp-json\/wp\/v2\/posts\/1016\/revisions"}],"predecessor-version":[{"id":1703,"href":"https:\/\/schreibenpro.com\/de\/wp-json\/wp\/v2\/posts\/1016\/revisions\/1703"}],"wp:attachment":[{"href":"https:\/\/schreibenpro.com\/de\/wp-json\/wp\/v2\/media?parent=1016"}],"wp:term":[{"taxonomy":"category","embeddable":true,"href":"https:\/\/schreibenpro.com\/de\/wp-json\/wp\/v2\/categories?post=1016"},{"taxonomy":"post_tag","embeddable":true,"href":"https:\/\/schreibenpro.com\/de\/wp-json\/wp\/v2\/tags?post=1016"}],"curies":[{"name":"wp","href":"https:\/\/api.w.org\/{rel}","templated":true}]}}