{"id":979,"date":"2025-02-26T17:15:49","date_gmt":"2024-04-14T14:35:37","guid":{"rendered":"https:\/\/schreibenpro.com\/de\/?p=979"},"modified":"2025-03-06T12:00:47","modified_gmt":"2025-03-06T12:00:47","slug":"reflexion-schreiben-erzieher","status":"publish","type":"post","link":"https:\/\/schreibenpro.com\/de\/reflexion-schreiben-erzieher\/","title":{"rendered":"Reflexion Schreiben Erzieher"},"content":{"rendered":"<div class=\"su-note\"  style=\"border-color:#e4e4e5;border-radius:7px;-moz-border-radius:7px;-webkit-border-radius:7px;\"><div class=\"su-note-inner su-u-clearfix su-u-trim\" style=\"background-color:#fefeff;border-color:#ffffff;color:#333333;border-radius:7px;-moz-border-radius:7px;-webkit-border-radius:7px;\">\r\n\r\n<div class=\"wp-block-columns is-layout-flex wp-container-core-columns-is-layout-9d6595d7 wp-block-columns-is-layout-flex\">\r\n<div class=\"wp-block-column\">\r\n<h2 class=\"wp-block-heading has-text-align-center is-layout-flow wp-block-column-is-layout-flow\">Muster<\/h2>\r\n<p> <div class=\"su-button-center\"><a href=\"https:\/\/schreibenpro.com\/de\/reflexion-schreiben-erzieher-offnen\/\" class=\"su-button su-button-style-flat\" style=\"color:#FFFFFF;background-color:#1548bb;border-color:#113a96;border-radius:5px\" target=\"_self\"><span style=\"color:#FFFFFF;padding:0px 22px;font-size:17px;line-height:34px;border-color:#5c7fd0;border-radius:5px;text-shadow:none\"> Muster<\/span><\/a><\/div> <\/p>\n<\/div>\r\n\r\n\r\n\r\n<div class=\"wp-block-column\">\r\n<h2 class=\"wp-block-heading has-text-align-center is-layout-flow wp-block-column-is-layout-flow\">Vorlage<\/h2>\r\n<p> <div class=\"su-button-center\"><a href=\"https:\/\/schreibenpro.com\/de\/reflexion-schreiben-erzieher-offnen\/\" class=\"su-button su-button-style-flat\" style=\"color:#FFFFFF;background-color:#1548bb;border-color:#113a96;border-radius:5px\" target=\"_self\"><span style=\"color:#FFFFFF;padding:0px 22px;font-size:17px;line-height:34px;border-color:#5c7fd0;border-radius:5px;text-shadow:none\"> Vorlage<\/span><\/a><\/div> <\/p>\n<\/div>\r\n<\/div>\r\n\r\n<\/div><\/div>\r\n<hr class=\"wp-block-separator has-alpha-channel-opacity\" \/>\r\n<div class=\"su-note\"  style=\"border-color:#e4e4e5;border-radius:7px;-moz-border-radius:7px;-webkit-border-radius:7px;\"><div class=\"su-note-inner su-u-clearfix su-u-trim\" style=\"background-color:#fefeff;border-color:#ffffff;color:#333333;border-radius:7px;-moz-border-radius:7px;-webkit-border-radius:7px;\">\r\n\r\n<div class=\"wp-block-columns is-layout-flex wp-container-core-columns-is-layout-9d6595d7 wp-block-columns-is-layout-flex\">\r\n<div class=\"wp-block-column is-layout-flow wp-block-column-is-layout-flow\"><div class=\"wp-block-image\">\r\n<figure class=\"aligncenter size-large is-resized\"><img loading=\"lazy\" decoding=\"async\" class=\"wp-image-224\" src=\"https:\/\/schreibenpro.com\/de\/wp-content\/uploads\/reflexion-schreiben-erzieher-muster-vorlage.jpg\" alt=\"\" width=\"188\" height=\"300\" \/><\/figure>\r\n<\/div><\/div>\r\n\r\n\r\n\r\n<div class=\"wp-block-column is-layout-flow wp-block-column-is-layout-flow\"> <div class=\"su-table su-table-alternate\">\r\n<table>\r\n<tbody>\r\n<tr>\r\n<td class=\"has-text-align-center\" data-align=\"center\">Reflexion Schreiben Erzieher<\/td>\r\n<\/tr>\r\n<tr>\r\n<td class=\"has-text-align-center\" data-align=\"center\">PDF  WORD-Datei<\/td>\r\n<\/tr>\r\n<tr>\r\n<td class=\"has-text-align-center\" data-align=\"center\">2492: \u2b50\u2b50\u2b50\u2b50\u2b50 4.1<\/td>\r\n<\/tr>\r\n<tr>\r\n<td class=\"has-text-align-center\" data-align=\"center\"><a href=\"https:\/\/schreibenpro.com\/de\/reflexion-schreiben-erzieher-offnen\/\">\u00d6FFNEN <\/a><\/td>\r\n<\/tr>\r\n<\/tbody>\r\n<\/table>\r\n<\/div><\/div>\r\n<\/div>\r\n\r\n<\/div><\/div>\r\n<hr class=\"wp-block-separator has-alpha-channel-opacity\" \/>\r\n\r\n\r\n<div class=\"wp-block-columns is-layout-flex wp-container-core-columns-is-layout-9d6595d7 wp-block-columns-is-layout-flex\">\r\n<div class=\"wp-block-column\">\r\n<h3 class=\"wp-block-heading has-text-align-center is-layout-flow wp-block-column-is-layout-flow\">WORD<\/h3>\r\n<div class=\"su-button-center\"><a href=\"https:\/\/schreibenpro.com\/de\/reflexion-schreiben-erzieher-offnen\/\" class=\"su-button su-button-style-flat\" style=\"color:#FFFFFF;background-color:#1548bb;border-color:#113a96;border-radius:5px\" target=\"_self\"><span style=\"color:#FFFFFF;padding:0px 22px;font-size:17px;line-height:34px;border-color:#5c7fd0;border-radius:5px;text-shadow:none\"> \u00d6ffnen | WORD<\/span><\/a><\/div>\n<\/div>\r\n\r\n\r\n\r\n<div class=\"wp-block-column\">\r\n<h3 class=\"wp-block-heading has-text-align-center is-layout-flow wp-block-column-is-layout-flow\">PDF<\/h3>\r\n<div class=\"su-button-center\"><a href=\"https:\/\/schreibenpro.com\/de\/reflexion-schreiben-erzieher-offnen\/\" class=\"su-button su-button-style-flat\" style=\"color:#FFFFFF;background-color:#9d1818;border-color:#7e1414;border-radius:5px\" target=\"_self\"><span style=\"color:#FFFFFF;padding:0px 22px;font-size:17px;line-height:34px;border-color:#bb5e5e;border-radius:5px;text-shadow:none\"> \u00d6ffnen | PDF<\/span><\/a><\/div>\n<\/div>\r\n<\/div>\r\n\r\n\r\n<hr class=\"wp-block-separator has-alpha-channel-opacity\" \/>\r\n<section id=\"specialParagraph\">\r\n<h3 class=\"wp-block-heading has-text-align-center\">Beispiel<\/h3>\r\n<div class=\"su-note\"  style=\"border-color:#e4e4e5;border-radius:7px;-moz-border-radius:7px;-webkit-border-radius:7px;\"><div class=\"su-note-inner su-u-clearfix su-u-trim\" style=\"background-color:#fefeff;border-color:#ffffff;color:#333333;border-radius:7px;-moz-border-radius:7px;-webkit-border-radius:7px;\">\r\n<p><p>Ein Reflexionsschreiben ist eine wichtige \u00dcbung, um die eigene p\u00e4dagogische Praxis zu analysieren und zu verbessern. In diesem Beispiel m\u00f6chte ich Ihnen zeigen, wie ein solches Schreiben f\u00fcr Erzieher strukturiert ist und welche Inhalte typischerweise enthalten sind.<\/p> <h3>Einleitung<\/h3> <p>Die Einleitung des Reflexionsschreibens dient dazu, den Kontext zu erkl\u00e4ren und das Thema des Schreibens einzuf\u00fchren. Hier k\u00f6nnen Sie zum Beispiel beschreiben, in welcher Kindertagesst\u00e4tte oder Schule Sie arbeiten und auf welches Ereignis oder Thema Sie sich in Ihrer Reflexion beziehen werden.<\/p> <p><strong>Beispiel:<\/strong> Als Erzieherin im Kindergarten XYZ m\u00f6chte ich in diesem Reflexionsschreiben meine Erfahrungen und Erkenntnisse aus einem Projekt zur fr\u00fchkindlichen Sprachf\u00f6rderung reflektieren.<\/p> <h3>Hauptteil<\/h3> <p>Der Hauptteil des Reflexionsschreibens enth\u00e4lt die eigentliche Analyse und Reflexion Ihrer p\u00e4dagogischen Praxis. Hier k\u00f6nnen Sie auf konkrete Situationen eingehen, Ihre Beobachtungen darlegen und Ihre Gedanken und Gef\u00fchle reflektieren. Eine m\u00f6gliche Herangehensweise ist die Verwendung von Fragen, um verschiedene Aspekte Ihres Handelns zu betrachten.<\/p> <p><strong>Beispiel:<\/strong> W\u00e4hrend des Sprachf\u00f6rderprojekts habe ich bemerkt, dass einige Kinder Schwierigkeiten hatten, ihre Gedanken und Gef\u00fchle sprachlich auszudr\u00fccken. Ich habe mich gefragt, ob meine bisherigen p\u00e4dagogischen Ans\u00e4tze ausreichen, um die individuellen Bed\u00fcrfnisse dieser Kinder zu unterst\u00fctzen. Zus\u00e4tzlich habe ich mich gefragt, welche Rolle die Eltern bei der Sprachentwicklung ihrer Kinder spielen und wie ich sie besser einbinden kann.<\/p> <p>Im Hauptteil ist es wichtig, Ihren Gedankengang und Ihre Reflexionen zu strukturieren, damit der Text f\u00fcr den Leser leicht verst\u00e4ndlich ist. Sie k\u00f6nnen Abs\u00e4tze verwenden, um verschiedene Themenbereiche voneinander abzugrenzen und \u00dcberschriften verwenden, um die verschiedenen Aspekte Ihrer Reflexion hervorzuheben.<\/p> <h3>Zusammenfassung und Schlussfolgerungen<\/h3> <p>Im letzten Teil des Reflexionsschreibens fassen Sie Ihre Erkenntnisse zusammen und ziehen Schlussfolgerungen f\u00fcr Ihre zuk\u00fcnftige p\u00e4dagogische Praxis. Sie k\u00f6nnen dabei auf die im Hauptteil behandelten Fragen und Aspekte Bezug nehmen und Ihre \u00dcberlegungen zusammenf\u00fchren.<\/p> <p><strong>Beispiel:<\/strong> Insgesamt habe ich erfahren, dass eine individualisierte Sprachf\u00f6rderung essentiell ist, um die Bed\u00fcrfnisse jedes einzelnen Kindes zu erf\u00fcllen. Zudem habe ich erkannt, dass die Einbeziehung der Eltern eine wichtige Rolle dabei spielt, die sprachliche Entwicklung der Kinder zu unterst\u00fctzen. F\u00fcr die Zukunft plane ich daher, mein Sprachf\u00f6rderkonzept anzupassen und verst\u00e4rkt mit den Eltern zusammenzuarbeiten.<\/p> <h3>Fazit<\/h3> <p>Ein Reflexionsschreiben als Erzieher ist eine wertvolle M\u00f6glichkeit, die eigene p\u00e4dagogische Praxis zu hinterfragen und zu verbessern. Indem Sie Ihre Erfahrungen und Gedanken reflektieren, k\u00f6nnen Sie neue Erkenntnisse gewinnen und Ihre p\u00e4dagogische Arbeit weiterentwickeln. Eine strukturierte und gut formulierte Reflexion hilft Ihnen dabei, Ihre Beobachtungen und Gedanken klar und verst\u00e4ndlich darzulegen.<\/p> <p>Mit dem Beispiel-Reflexionsschreiben m\u00f6chte ich Ihnen daher eine Vorlage an die Hand geben, wie Sie Ihren eigenen Reflexionsprozess strukturieren und gestalten k\u00f6nnen. Denken Sie daran, dass jedes Reflexionsschreiben individuell ist und Ihre pers\u00f6nlichen Erfahrungen und Erkenntnisse widerspiegeln sollte. Viel Erfolg bei der Erstellung Ihres eigenen Reflexionsschreibens!<\/p><\/p>\r\n<\/section>\r\n<\/div><\/div>\r\n<div class=\"su-note\"  style=\"border-color:#e4e4e5;border-radius:7px;-moz-border-radius:7px;-webkit-border-radius:7px;\"><div class=\"su-note-inner su-u-clearfix su-u-trim\" style=\"background-color:#fefeff;border-color:#ffffff;color:#333333;border-radius:7px;-moz-border-radius:7px;-webkit-border-radius:7px;\">\r\n<p><p>Einleitung<\/p> <p>Im Rahmen meiner T\u00e4tigkeit als Erzieher m\u00f6chte ich in diesem Reflexionsschreiben meine Erfahrungen und Erkenntnisse reflektieren. In den letzten Monaten habe ich vielf\u00e4ltige Situationen erlebt und bin auf unterschiedliche Herausforderungen gesto\u00dfen. Diese Reflexion dient dazu, meine p\u00e4dagogische Praxis zu analysieren und m\u00f6gliche Verbesserungen zu identifizieren.<\/p> <p>Teil I: Hintergrundinformationen<\/p> <p>Um einen umfassenden \u00dcberblick \u00fcber meine Arbeit als Erzieher zu geben, m\u00f6chte ich zun\u00e4chst einige Informationen zur Einrichtung liefern, in der ich t\u00e4tig bin. Ich arbeite in einem Kindergarten mit 20 Kindern im Alter von 3 bis 6 Jahren. Die Einrichtung bietet sowohl halbt\u00e4gige als auch ganzt\u00e4gige Betreuung an. Unsere p\u00e4dagogische Arbeit basiert auf dem Konzept der ganzheitlichen Entwicklungsf\u00f6rderung und wir legen besonderen Wert auf individuelle F\u00f6rderung und freies Spiel.<\/p> <p>Teil II: Analyse der p\u00e4dagogischen Praxis<\/p> <p>In diesem Abschnitt m\u00f6chte ich verschiedene Aspekte meiner p\u00e4dagogischen Praxis analysieren und reflektieren. Es ist wichtig, sowohl die positiven als auch die herausfordernden Erfahrungen anzusprechen, um daraus Lehren ziehen zu k\u00f6nnen.<\/p> <p><strong>1. Planung und Durchf\u00fchrung p\u00e4dagogischer Aktivit\u00e4ten<\/strong><\/p> <p>Bei der Planung und Durchf\u00fchrung p\u00e4dagogischer Aktivit\u00e4ten ist es wichtig, die Bed\u00fcrfnisse der Kinder zu ber\u00fccksichtigen und auf ihre individuellen Interessen einzugehen. In der Vergangenheit habe ich festgestellt, dass ich manchmal zu viele Aktivit\u00e4ten auf einmal geplant habe, was zu \u00dcberforderung bei den Kindern f\u00fchren kann. Daher habe ich begonnen, meine Planung zu vereinfachen und mich st\u00e4rker auf hochwertige Aktivit\u00e4ten zu konzentrieren, die den Entwicklungsstand und die Interessen der Kinder ber\u00fccksichtigen.<\/p> <p><strong>2. F\u00f6rderung sozialer Kompetenzen<\/strong><\/p> <p>Ein weiterer wichtiger Aspekt meiner p\u00e4dagogischen Praxis ist die F\u00f6rderung sozialer Kompetenzen bei den Kindern. Ich habe festgestellt, dass das Modellieren von sozialen Verhaltensweisen eine effektive Methode ist, um diese Kompetenzen zu entwickeln. Durch meine eigene respektvolle und wertsch\u00e4tzende Interaktion mit den Kindern zeige ich ihnen, wie sie Konflikte l\u00f6sen und freundlich miteinander umgehen k\u00f6nnen. Diese Methode hat sich als sehr erfolgreich erwiesen und hat zu einer positiven Ver\u00e4nderung im Verhalten der Kinder gef\u00fchrt.<\/p> <p><strong>3. Elternkommunikation<\/strong><\/p> <p>Eine gute Elternkommunikation ist entscheidend f\u00fcr den Erfolg meiner p\u00e4dagogischen Arbeit. In der Vergangenheit habe ich festgestellt, dass es wichtig ist, regelm\u00e4\u00dfige Elterngespr\u00e4che anzubieten, um den Austausch \u00fcber den Entwicklungsstand der Kinder und eventuelle Bedenken zu erm\u00f6glichen. Durch diese Gespr\u00e4che konnte ich eine vertrauensvolle Beziehung zu den Eltern aufbauen und ihre Unterst\u00fctzung in der p\u00e4dagogischen Arbeit gewinnen.<\/p> <p>Teil III: Schlussfolgerungen und Ma\u00dfnahmenplan<\/p> <p>Basierend auf meiner Analyse der p\u00e4dagogischen Praxis und meinen Erfahrungen m\u00f6chte ich nun einige Schlussfolgerungen ziehen und einen Ma\u00dfnahmenplan entwickeln, um meine p\u00e4dagogische Arbeit zu verbessern.<\/p> <p><strong>1. Fortbildungsm\u00f6glichkeiten<\/strong><\/p> <p>Um mein Fachwissen zu erweitern und neue p\u00e4dagogische Ans\u00e4tze kennenzulernen, m\u00f6chte ich an regelm\u00e4\u00dfigen Fortbildungen teilnehmen. Dies wird mir helfen, meine p\u00e4dagogische Praxis kontinuierlich zu verbessern und auf dem neuesten Stand zu bleiben.<\/p> <p><strong>2. Reflexion und Feedback<\/strong><\/p> <p>Um meine p\u00e4dagogische Praxis kontinuierlich zu verbessern, werde ich meinen Reflexionsprozess intensivieren und regelm\u00e4\u00dfig Feedback von Kollegen und Eltern einholen. Dies wird es mir erm\u00f6glichen, St\u00e4rken und Schw\u00e4chen zu identifizieren und gezielt daran zu arbeiten.<\/p> <p><strong>3. Weiterentwicklung der Elternkommunikation<\/strong><\/p> <p>Um die Elternkommunikation weiter zu verbessern, m\u00f6chte ich regelm\u00e4\u00dfige Elternabende organisieren, um \u00fcber aktuelle p\u00e4dagogische Themen zu informieren und den Eltern die M\u00f6glichkeit zu geben, ihre Fragen und Anliegen zu besprechen.<\/p> <p>Schluss<\/p> <p>Insgesamt war die Reflexion meiner p\u00e4dagogischen Praxis eine wertvolle Erfahrung und hat mir geholfen, mein p\u00e4dagogisches Handeln zu reflektieren und Verbesserungsm\u00f6glichkeiten zu identifizieren. Durch die Umsetzung dieses Ma\u00dfnahmenplans hoffe ich, meine p\u00e4dagogische Arbeit noch effektiver zu gestalten und die Entwicklung der Kinder bestm\u00f6glich zu f\u00f6rdern.<\/p> <p>Ich bin zuversichtlich, dass dieser Reflexionsprozess die Qualit\u00e4t meiner p\u00e4dagogischen Arbeit weiter steigern wird und freue mich auf die bevorstehenden Herausforderungen und Lernm\u00f6glichkeiten.<\/p><\/p>\r\n<\/section>\r\n<\/div><\/div>\r\n<hr class=\"wp-block-separator has-alpha-channel-opacity\" \/>\r\n\r\n<div class=\"su-button-center\"><a href=\"https:\/\/schreibenpro.com\/de\/reflexion-schreiben-erzieher-offnen\/\" class=\"su-button su-button-style-flat\" style=\"color:#FFFFFF;background-color:#1548bb;border-color:#113a96;border-radius:5px\" target=\"_self\"><span style=\"color:#FFFFFF;padding:0px 22px;font-size:17px;line-height:34px;border-color:#5c7fd0;border-radius:5px;text-shadow:none\">  \u00d6ffnen &#8211; Reflexion Schreiben Erzieher <\/span><\/a><\/div>\n\r\n\r\n<hr class=\"wp-block-separator has-alpha-channel-opacity\" \/>\r\n<section id=\"specialParagraph\">\r\n<div class=\"su-note\"  style=\"border-color:#e4e4e5;border-radius:7px;-moz-border-radius:7px;-webkit-border-radius:7px;\"><div class=\"su-note-inner su-u-clearfix su-u-trim\" style=\"background-color:#fefeff;border-color:#ffffff;color:#333333;border-radius:7px;-moz-border-radius:7px;-webkit-border-radius:7px;\">\r\n<h3 class=\"wp-block-heading has-text-align-center\">Wie schreibt man ein Reflexion Schreiben Erzieher<\/h3>\r\n<p><p>Ein Reflexionsschreiben ist ein wichtiger Bestandteil der beruflichen Entwicklung als Erzieher. Es erm\u00f6glicht Ihnen, \u00fcber Ihre Erfahrungen und Herausforderungen nachzudenken und daraus zu lernen. In dieser Anleitung werden wir die verschiedenen Schritte und Bestandteile eines Reflexionsschreibens ausf\u00fchrlich erl\u00e4utern und wichtige \u00dcberlegungen zur formalen Gestaltung und zum Aufbau eines effektiven Briefes geben.<\/p> <h3>Schritt 1: Vorbereitung<\/h3> <p>Bevor Sie mit dem Schreiben Ihres Reflexionsschreibens beginnen, ist es wichtig, dass Sie sich Zeit nehmen, um \u00fcber Ihre Erfahrungen nachzudenken und gegebenenfalls Materialien wie Notizen oder Protokolle sammeln, die Ihnen bei der Organisation Ihrer Gedanken helfen k\u00f6nnen. \u00dcberlegen Sie, welche spezifischen Aspekte oder Ereignisse Sie in Ihrer Reflexion ansprechen m\u00f6chten.<\/p> <h3>Schritt 2: Einleitung<\/h3> <p>Die Einleitung Ihres Reflexionsschreibens sollte den Leser neugierig machen und einen \u00dcberblick \u00fcber das Thema und den Zweck Ihrer Reflexion geben. Sie k\u00f6nnen eine pers\u00f6nliche Anekdote oder eine allgemeine Aussage verwenden, um das Interesse des Lesers zu wecken. Stellen Sie sicher, dass Sie klar Ihre Haupterfahrung oder Ihr Hauptthema einf\u00fchren.<\/p> <p>Beispiel:<\/p> <blockquote> <p>Sehr geehrte Kollegen,<\/p> <p>ich hoffe, dass dieser Brief Sie in guter Gesundheit erreicht. In meiner heutigen Reflexion m\u00f6chte ich gerne \u00fcber meine Erfahrungen mit der Umsetzung eines neuen Lernprogramms f\u00fcr Vorschulkinder sprechen. Dieses Programm, das auf interaktiven Lernmethoden basiert, hat in den letzten Monaten unser Team vor neue Herausforderungen gestellt und viele interessante Erkenntnisse erm\u00f6glicht.<\/p> <\/blockquote> <h3>Schritt 3: Hauptteil<\/h3> <p>Der Hauptteil Ihres Reflexionsschreibens sollte Ihre Erfahrungen und Beobachtungen detailliert beschreiben. Stellen Sie sicher, dass Sie auf spezifische Ereignisse oder Situationen eingehen und Ihre Gedanken und Gef\u00fchle dazu ausdr\u00fccken. Vermeiden Sie es, zu oberfl\u00e4chlich zu sein oder allgemeine Aussagen zu machen. Geben Sie konkrete Beispiele, um Ihren Standpunkt zu verdeutlichen.<\/p> <p>Beispiel:<\/p> <blockquote> <p>W\u00e4hrend der Implementierung des neuen Lernprogramms habe ich festgestellt, dass einige der Vorschulkinder Schwierigkeiten hatten, sich auf die interaktiven Aktivit\u00e4ten zu konzentrieren. Beispielsweise hatte Simon, ein vierj\u00e4hriger Junge, Schwierigkeiten, den Anweisungen zu folgen und seine Aufgaben zu erledigen. Ich konnte beobachten, wie er schnell frustriert wurde und sich zur\u00fcckzog. Nachdem ich dies bemerkte, beschloss ich, eine individuelle Betreuung anzubieten, um Simon zu unterst\u00fctzen und sein Selbstvertrauen zu st\u00e4rken.<\/p> <\/blockquote> <h3>Schritt 4: Schluss<\/h3> <p>Im Schlussteil Ihres Reflexionsschreibens sollten Sie Ihre Erfahrungen reflektieren und eine Schlussfolgerung ziehen. Was haben Sie gelernt? Wie haben Ihre Erfahrungen Ihre berufliche Entwicklung beeinflusst? Versuchen Sie, auf Ihre zuk\u00fcnftigen Handlungen oder Ziele einzugehen und einen Ausblick zu geben.<\/p> <p>Beispiel:<\/p> <blockquote> <p>Im R\u00fcckblick auf diese Erfahrung konnte ich erkennen, wie wichtig es ist, individuelle Unterst\u00fctzung anzubieten und auf die Bed\u00fcrfnisse jedes Kindes einzugehen. Das Lernprogramm hat mir gezeigt, dass jedes Kind seinen eigenen Lernstil hat und dass es wichtig ist, alternative Herangehensweisen zu finden, um ihre individuellen Bed\u00fcrfnisse zu erf\u00fcllen. In Zukunft werde ich meine p\u00e4dagogischen Praktiken \u00fcberdenken und mich darauf konzentrieren, auf die St\u00e4rken und Schw\u00e4chen jedes Kindes einzugehen, um eine unterst\u00fctzende Lernumgebung zu schaffen.<\/p> <\/blockquote> <h3>Formale Gestaltung und Aufbau<\/h3> <p>Bei der formalen Gestaltung Ihres Reflexionsschreibens sollten Sie auf eine klare Struktur und gute Lesbarkeit achten. Verwenden Sie Abs\u00e4tze, um Ihre Gedanken in Abschnitte zu gliedern, und verwenden Sie geeignete \u00dcberschriften, um dem Leser zu helfen, Ihren Text zu verstehen. Au\u00dferdem ist es wichtig, ein authentisches und professionelles Schreibniveau beizubehalten.<\/p> <p>Wenn Sie Ihren Brief mit &#8220;Mit freundlichen Gr\u00fc\u00dfen&#8221; beenden, vergessen Sie nicht, Ihren Namen und Ihre Kontaktdaten anzugeben, falls der Leser weitere Fragen oder Anmerkungen hat.<\/p> <h3><\/h3> <p>Das Verfassen eines Reflexionsschreibens als Erzieher kann eine wertvolle M\u00f6glichkeit sein, \u00fcber Ihre Erfahrungen nachzudenken und daraus zu lernen. Indem Sie den oben genannten Schritten und \u00dcberlegungen folgen, k\u00f6nnen Sie einen effektiven und gut strukturierten Brief verfassen, der Ihren Gedanken und Erfahrungen gerecht wird.<\/p><\/p>\r\n<\/section>\r\n<\/div><\/div>\r\n<hr class=\"wp-block-separator has-alpha-channel-opacity\" \/>\r\n\r\n<div class=\"su-button-center\"><a href=\"https:\/\/schreibenpro.com\/de\/reflexion-schreiben-erzieher-offnen\/\" class=\"su-button su-button-style-flat\" style=\"color:#FFFFFF;background-color:#1548bb;border-color:#113a96;border-radius:5px\" target=\"_self\"><span style=\"color:#FFFFFF;padding:0px 22px;font-size:17px;line-height:34px;border-color:#5c7fd0;border-radius:5px;text-shadow:none\">  \u00d6FFNEN &#8211; Reflexion Schreiben Erzieher<\/span><\/a><\/div>\n\r\n\r\n","protected":false},"excerpt":{"rendered":"<p>Beispiel<\/p>\n","protected":false},"author":1,"featured_media":0,"comment_status":"open","ping_status":"closed","sticky":false,"template":"","format":"standard","meta":{"footnotes":""},"categories":[19],"tags":[],"class_list":["post-979","post","type-post","status-publish","format-standard","hentry","category-bildung-und-akademisches","infinite-scroll-item"],"yoast_head":"<!-- This site is optimized with the Yoast SEO plugin v24.6 - https:\/\/yoast.com\/wordpress\/plugins\/seo\/ -->\n<title>Reflexion Schreiben Erzieher Muster<\/title>\n<meta name=\"description\" content=\"Muster und Vorlage Reflexion Schreiben Erzieher - \u2b50\u2b50\u2b50\u2b50\u2b50 4,1 - PDF WORD - Bildung und Akademisches\" \/>\n<meta name=\"robots\" content=\"index, follow, max-snippet:-1, max-image-preview:large, max-video-preview:-1\" \/>\n<link rel=\"canonical\" href=\"https:\/\/schreibenpro.com\/de\/reflexion-schreiben-erzieher\/\" \/>\n<meta property=\"og:locale\" content=\"de_DE\" \/>\n<meta property=\"og:type\" content=\"article\" \/>\n<meta property=\"og:title\" content=\"Reflexion Schreiben Erzieher Muster\" \/>\n<meta property=\"og:description\" content=\"Muster und Vorlage Reflexion Schreiben Erzieher - \u2b50\u2b50\u2b50\u2b50\u2b50 4,1 - PDF WORD - Bildung und Akademisches\" \/>\n<meta property=\"og:url\" content=\"https:\/\/schreibenpro.com\/de\/reflexion-schreiben-erzieher\/\" \/>\n<meta property=\"og:site_name\" content=\"Schreiben PRO\" \/>\n<meta property=\"article:published_time\" content=\"2024-04-14T14:35:37+00:00\" \/>\n<meta property=\"article:modified_time\" content=\"2025-03-06T12:00:47+00:00\" \/>\n<meta property=\"og:image\" content=\"https:\/\/schreibenpro.com\/de\/wp-content\/uploads\/anschreiben-bewerbung-ausbildung-muster-vorlage.jpg\" \/>\n\t<meta property=\"og:image:width\" content=\"1410\" \/>\n\t<meta property=\"og:image:height\" content=\"2250\" \/>\n\t<meta property=\"og:image:type\" content=\"image\/jpeg\" \/>\n<meta name=\"author\" content=\"Julian Becker\" \/>\n<meta name=\"twitter:card\" content=\"summary_large_image\" \/>\n<meta name=\"twitter:label1\" content=\"Verfasst von\" \/>\n\t<meta name=\"twitter:data1\" content=\"Julian Becker\" \/>\n\t<meta name=\"twitter:label2\" content=\"Gesch\u00e4tzte Lesezeit\" \/>\n\t<meta name=\"twitter:data2\" content=\"1\u00a0Minute\" \/>\n<!-- \/ Yoast SEO plugin. -->","yoast_head_json":{"title":"Reflexion Schreiben Erzieher Muster","description":"Muster und Vorlage Reflexion Schreiben Erzieher - \u2b50\u2b50\u2b50\u2b50\u2b50 4,1 - PDF WORD - Bildung und Akademisches","robots":{"index":"index","follow":"follow","max-snippet":"max-snippet:-1","max-image-preview":"max-image-preview:large","max-video-preview":"max-video-preview:-1"},"canonical":"https:\/\/schreibenpro.com\/de\/reflexion-schreiben-erzieher\/","og_locale":"de_DE","og_type":"article","og_title":"Reflexion Schreiben Erzieher Muster","og_description":"Muster und Vorlage Reflexion Schreiben Erzieher - \u2b50\u2b50\u2b50\u2b50\u2b50 4,1 - PDF WORD - Bildung und Akademisches","og_url":"https:\/\/schreibenpro.com\/de\/reflexion-schreiben-erzieher\/","og_site_name":"Schreiben PRO","article_published_time":"2024-04-14T14:35:37+00:00","article_modified_time":"2025-03-06T12:00:47+00:00","og_image":[{"width":1410,"height":2250,"url":"https:\/\/schreibenpro.com\/de\/wp-content\/uploads\/anschreiben-bewerbung-ausbildung-muster-vorlage.jpg","type":"image\/jpeg"}],"author":"Julian Becker","twitter_card":"summary_large_image","twitter_misc":{"Verfasst von":"Julian Becker","Gesch\u00e4tzte Lesezeit":"1\u00a0Minute"},"schema":{"@context":"https:\/\/schema.org","@graph":[{"@type":"Article","@id":"https:\/\/schreibenpro.com\/de\/reflexion-schreiben-erzieher\/#article","isPartOf":{"@id":"https:\/\/schreibenpro.com\/de\/reflexion-schreiben-erzieher\/"},"author":{"name":"Julian Becker","@id":"https:\/\/schreibenpro.com\/de\/#\/schema\/person\/1bfe5ae5aa8223e834e9730287883c42"},"headline":"Reflexion Schreiben Erzieher","datePublished":"2024-04-14T14:35:37+00:00","dateModified":"2025-03-06T12:00:47+00:00","mainEntityOfPage":{"@id":"https:\/\/schreibenpro.com\/de\/reflexion-schreiben-erzieher\/"},"wordCount":1939,"commentCount":0,"publisher":{"@id":"https:\/\/schreibenpro.com\/de\/#organization"},"image":{"@id":"https:\/\/schreibenpro.com\/de\/reflexion-schreiben-erzieher\/#primaryimage"},"thumbnailUrl":"https:\/\/schreibenpro.com\/de\/wp-content\/uploads\/reflexion-schreiben-erzieher-muster-vorlage.jpg","articleSection":["Bildung und Akademisches"],"inLanguage":"de","potentialAction":[{"@type":"CommentAction","name":"Comment","target":["https:\/\/schreibenpro.com\/de\/reflexion-schreiben-erzieher\/#respond"]}]},{"@type":"WebPage","@id":"https:\/\/schreibenpro.com\/de\/reflexion-schreiben-erzieher\/","url":"https:\/\/schreibenpro.com\/de\/reflexion-schreiben-erzieher\/","name":"Reflexion Schreiben Erzieher Muster","isPartOf":{"@id":"https:\/\/schreibenpro.com\/de\/#website"},"primaryImageOfPage":{"@id":"https:\/\/schreibenpro.com\/de\/reflexion-schreiben-erzieher\/#primaryimage"},"image":{"@id":"https:\/\/schreibenpro.com\/de\/reflexion-schreiben-erzieher\/#primaryimage"},"thumbnailUrl":"https:\/\/schreibenpro.com\/de\/wp-content\/uploads\/reflexion-schreiben-erzieher-muster-vorlage.jpg","datePublished":"2024-04-14T14:35:37+00:00","dateModified":"2025-03-06T12:00:47+00:00","description":"Muster und Vorlage Reflexion Schreiben Erzieher - \u2b50\u2b50\u2b50\u2b50\u2b50 4,1 - PDF WORD - Bildung und Akademisches","breadcrumb":{"@id":"https:\/\/schreibenpro.com\/de\/reflexion-schreiben-erzieher\/#breadcrumb"},"inLanguage":"de","potentialAction":[{"@type":"ReadAction","target":["https:\/\/schreibenpro.com\/de\/reflexion-schreiben-erzieher\/"]}]},{"@type":"ImageObject","inLanguage":"de","@id":"https:\/\/schreibenpro.com\/de\/reflexion-schreiben-erzieher\/#primaryimage","url":"https:\/\/schreibenpro.com\/de\/wp-content\/uploads\/anschreiben-zum-angebot-muster-vorlage.jpg","contentUrl":"https:\/\/schreibenpro.com\/de\/wp-content\/uploads\/anschreiben-zum-angebot-muster-vorlage.jpg","width":1410,"height":2250},{"@type":"BreadcrumbList","@id":"https:\/\/schreibenpro.com\/de\/reflexion-schreiben-erzieher\/#breadcrumb","itemListElement":[{"@type":"ListItem","position":1,"name":"Portada","item":"https:\/\/schreibenpro.com\/de\/"},{"@type":"ListItem","position":2,"name":"Reflexion Schreiben Erzieher"}]},{"@type":"WebSite","@id":"https:\/\/schreibenpro.com\/de\/#website","url":"https:\/\/schreibenpro.com\/de\/","name":"Schreiben PRO","description":"Muster und Vorlage","publisher":{"@id":"https:\/\/schreibenpro.com\/de\/#organization"},"potentialAction":[{"@type":"SearchAction","target":{"@type":"EntryPoint","urlTemplate":"https:\/\/schreibenpro.com\/de\/?s={search_term_string}"},"query-input":{"@type":"PropertyValueSpecification","valueRequired":true,"valueName":"search_term_string"}}],"inLanguage":"de"},{"@type":"Organization","@id":"https:\/\/schreibenpro.com\/de\/#organization","name":"Schreiben PRO","url":"https:\/\/schreibenpro.com\/de\/","logo":{"@type":"ImageObject","inLanguage":"de","@id":"https:\/\/schreibenpro.com\/de\/#\/schema\/logo\/image\/","url":"https:\/\/schreibenpro.com\/de\/wp-content\/uploads\/cropped-fav.png","contentUrl":"https:\/\/schreibenpro.com\/de\/wp-content\/uploads\/cropped-fav.png","width":512,"height":512,"caption":"Schreiben PRO"},"image":{"@id":"https:\/\/schreibenpro.com\/de\/#\/schema\/logo\/image\/"}},{"@type":"Person","@id":"https:\/\/schreibenpro.com\/de\/#\/schema\/person\/1bfe5ae5aa8223e834e9730287883c42","name":"Julian Becker","image":{"@type":"ImageObject","inLanguage":"de","@id":"https:\/\/schreibenpro.com\/de\/#\/schema\/person\/image\/","url":"https:\/\/secure.gravatar.com\/avatar\/9a9dd135c14e6a7069a7c2fb3d9dbddc9dd06c2db972324f40461697a532c2f1?s=96&d=mm&r=g","contentUrl":"https:\/\/secure.gravatar.com\/avatar\/9a9dd135c14e6a7069a7c2fb3d9dbddc9dd06c2db972324f40461697a532c2f1?s=96&d=mm&r=g","caption":"Julian Becker"},"description":"Julian Becker, Gr\u00fcnder &amp; Leitender Redakteur -\u00a0 Als kreativer Kopf hinter den ma\u00dfgeschneiderten Vorlagen und Mustern bei Schreiben PRO sorgt Julian daf\u00fcr, dass unsere Nutzer stets die besten Werkzeuge f\u00fcr ihre\u00a0 Dokumente zur Verf\u00fcgung haben","sameAs":["https:\/\/schreibenpro.com\/de"]}]}},"_links":{"self":[{"href":"https:\/\/schreibenpro.com\/de\/wp-json\/wp\/v2\/posts\/979","targetHints":{"allow":["GET"]}}],"collection":[{"href":"https:\/\/schreibenpro.com\/de\/wp-json\/wp\/v2\/posts"}],"about":[{"href":"https:\/\/schreibenpro.com\/de\/wp-json\/wp\/v2\/types\/post"}],"author":[{"embeddable":true,"href":"https:\/\/schreibenpro.com\/de\/wp-json\/wp\/v2\/users\/1"}],"replies":[{"embeddable":true,"href":"https:\/\/schreibenpro.com\/de\/wp-json\/wp\/v2\/comments?post=979"}],"version-history":[{"count":2,"href":"https:\/\/schreibenpro.com\/de\/wp-json\/wp\/v2\/posts\/979\/revisions"}],"predecessor-version":[{"id":1675,"href":"https:\/\/schreibenpro.com\/de\/wp-json\/wp\/v2\/posts\/979\/revisions\/1675"}],"wp:attachment":[{"href":"https:\/\/schreibenpro.com\/de\/wp-json\/wp\/v2\/media?parent=979"}],"wp:term":[{"taxonomy":"category","embeddable":true,"href":"https:\/\/schreibenpro.com\/de\/wp-json\/wp\/v2\/categories?post=979"},{"taxonomy":"post_tag","embeddable":true,"href":"https:\/\/schreibenpro.com\/de\/wp-json\/wp\/v2\/tags?post=979"}],"curies":[{"name":"wp","href":"https:\/\/api.w.org\/{rel}","templated":true}]}}